{"id":4071,"date":"2026-03-14T09:04:43","date_gmt":"2026-03-14T08:04:43","guid":{"rendered":"https:\/\/parolin-france.fr\/?p=4071"},"modified":"2026-03-14T09:22:21","modified_gmt":"2026-03-14T08:22:21","slug":"ward-racing-de-retour-au-top-mondial-avec-parolin","status":"publish","type":"post","link":"https:\/\/parolin-france.fr\/index.php\/2026\/03\/14\/ward-racing-de-retour-au-top-mondial-avec-parolin\/","title":{"rendered":"WARD RACING de retour au top mondial avec PAROLIN"},"content":{"rendered":"\n<p class=\"wp-block-paragraph\">C&rsquo;est un veritable coup de tonnerre qui a secouer la planete karting en ce d\u00e9but de saison 2026 &#8211; WARD RACING abandonne les chassis OTK, qu&rsquo;il utilisait depuis presque 30 ans, pour PAROLIN. Et le moins que l&rsquo;ont puisse dire c&rsquo;est que cette decision historique a remis l&rsquo;\u00e9quipe suedoise au top mondial !<\/p>\n\n\n\n<p class=\"wp-block-paragraph\">Depuis le d\u00e9but de saison c&rsquo;est une pluie de podiums et victoire pour le team familiale de joachim WARD avec tener vous bien , en 5 courses de WSK, 5 victoires et 2 podiums, soit une des meilleurs statistique de toutes equipes \/ usines sur la scene internationale !!!! impressionnant, et a regarder les statistique en d\u00e9tail encore plus !<\/p>\n\n\n\n<p class=\"wp-block-paragraph\">Outre PIZZONIA qui est la revelation de ce d\u00e9but de saison 2026 en OKJ qui a r\u00e9aliser 2 victoires , Carrar FIRHAND et Benjamin MANACH ont gagner en OK ! Mais une nouvelle r\u00e9v\u00e9lation a eut la joie de la victoire en la personne de Colton SCHNIEGENBERG ce coup ci en OK-NJ , une categorie qui devient la chasse garder de parolin. C&rsquo;est simple, chaque WSK de ce d\u00e9but de saison a vue la victoire d&rsquo;un pilote WARD RACIND \/ PAROLIN , what else !<\/p>\n\n\n\n<figure class=\"wp-block-image size-large\"><img data-dominant-color=\"534843\" data-has-transparency=\"false\" style=\"--dominant-color: #534843;\" loading=\"lazy\" decoding=\"async\" width=\"821\" height=\"1024\" sizes=\"auto, (max-width: 760px) 100vw, 760px\" src=\"https:\/\/parolin-france.fr\/wp-content\/uploads\/2026\/03\/ward-viterbo-821x1024.webp\" alt=\"\" class=\"wp-image-4077 not-transparent\" srcset=\"https:\/\/parolin-france.fr\/wp-content\/uploads\/2026\/03\/ward-viterbo-821x1024.webp 821w, https:\/\/parolin-france.fr\/wp-content\/uploads\/2026\/03\/ward-viterbo-241x300.webp 241w, https:\/\/parolin-france.fr\/wp-content\/uploads\/2026\/03\/ward-viterbo-768x957.webp 768w, https:\/\/parolin-france.fr\/wp-content\/uploads\/2026\/03\/ward-viterbo-1232x1536.webp 1232w, https:\/\/parolin-france.fr\/wp-content\/uploads\/2026\/03\/ward-viterbo-600x748.webp 600w, https:\/\/parolin-france.fr\/wp-content\/uploads\/2026\/03\/ward-viterbo.webp 1440w\" \/><\/figure>\n\n\n\n<p class=\"wp-block-paragraph\">Cela prouve , une fois de plus, et de fa\u00e7on eclatante le niveau de performance de nos chassis par rapport au concurrents. Choisir PAROLIN , c&rsquo;est choisir le materiel referent mondial !<\/p>\n\n\n\n<p class=\"wp-block-paragraph\">#HOME OF FUTUR CHAMPIONS @WARDRACING<\/p>\n\n\n\n<figure class=\"wp-block-image size-large\"><img data-dominant-color=\"908977\" data-has-transparency=\"false\" style=\"--dominant-color: #908977;\" loading=\"lazy\" decoding=\"async\" width=\"821\" height=\"1024\" sizes=\"auto, (max-width: 760px) 100vw, 760px\" src=\"https:\/\/parolin-france.fr\/wp-content\/uploads\/2026\/03\/victoire-lonato-821x1024.webp\" alt=\"\" class=\"wp-image-4078 not-transparent\" srcset=\"https:\/\/parolin-france.fr\/wp-content\/uploads\/2026\/03\/victoire-lonato-821x1024.webp 821w, https:\/\/parolin-france.fr\/wp-content\/uploads\/2026\/03\/victoire-lonato-241x300.webp 241w, https:\/\/parolin-france.fr\/wp-content\/uploads\/2026\/03\/victoire-lonato-768x957.webp 768w, https:\/\/parolin-france.fr\/wp-content\/uploads\/2026\/03\/victoire-lonato-1232x1536.webp 1232w, https:\/\/parolin-france.fr\/wp-content\/uploads\/2026\/03\/victoire-lonato-600x748.webp 600w, https:\/\/parolin-france.fr\/wp-content\/uploads\/2026\/03\/victoire-lonato.webp 1440w\" \/><\/figure>\n\n\n\n<h1 class=\"wp-block-heading\"><\/h1>\n","protected":false},"excerpt":{"rendered":"<p>C&rsquo;est un veritable coup de tonnerre qui a secouer la planete karting en ce d\u00e9but de saison 2026 &#8211; WARD RACING abandonne les chassis OTK, qu&rsquo;il utilisait depuis presque 30 ans, pour PAROLIN. Et le moins que l&rsquo;ont puisse dire c&rsquo;est que cette decision historique a remis l&rsquo;\u00e9quipe suedoise au top mondial ! Depuis le [&hellip;]<\/p>\n","protected":false},"author":1,"featured_media":4075,"comment_status":"closed","ping_status":"open","sticky":false,"template":"","format":"standard","meta":{"_crdt_document":"","footnotes":""},"categories":[1],"tags":[],"class_list":["post-4071","post","type-post","status-publish","format-standard","has-post-thumbnail","hentry","category-non-classe"],"yoast_head":"<!-- This site is optimized with the Yoast SEO plugin v27.5 - https:\/\/yoast.com\/product\/yoast-seo-wordpress\/ -->\n<title>WARD RACING de retour au top mondial avec PAROLIN - PAROLIN FRANCE<\/title>\n<meta name=\"robots\" content=\"index, follow, max-snippet:-1, max-image-preview:large, max-video-preview:-1\" \/>\n<link rel=\"canonical\" href=\"https:\/\/parolin-france.fr\/index.php\/2026\/03\/14\/ward-racing-de-retour-au-top-mondial-avec-parolin\/\" \/>\n<meta property=\"og:locale\" content=\"fr_FR\" \/>\n<meta property=\"og:type\" content=\"article\" \/>\n<meta property=\"og:title\" content=\"WARD RACING de retour au top mondial avec PAROLIN - PAROLIN FRANCE\" \/>\n<meta property=\"og:description\" content=\"C&rsquo;est un veritable coup de tonnerre qui a secouer la planete karting en ce d\u00e9but de saison 2026 &#8211; WARD RACING abandonne les chassis OTK, qu&rsquo;il utilisait depuis presque 30 ans, pour PAROLIN. Et le moins que l&rsquo;ont puisse dire c&rsquo;est que cette decision historique a remis l&rsquo;\u00e9quipe suedoise au top mondial ! Depuis le [&hellip;]\" \/>\n<meta property=\"og:url\" content=\"https:\/\/parolin-france.fr\/index.php\/2026\/03\/14\/ward-racing-de-retour-au-top-mondial-avec-parolin\/\" \/>\n<meta property=\"og:site_name\" content=\"PAROLIN FRANCE\" \/>\n<meta property=\"article:published_time\" content=\"2026-03-14T08:04:43+00:00\" \/>\n<meta property=\"article:modified_time\" content=\"2026-03-14T08:22:21+00:00\" \/>\n<meta property=\"og:image\" content=\"https:\/\/parolin-france.fr\/wp-content\/uploads\/2026\/03\/victoire-pizzonia.webp\" \/>\n\t<meta property=\"og:image:width\" content=\"1280\" \/>\n\t<meta property=\"og:image:height\" content=\"1596\" \/>\n\t<meta property=\"og:image:type\" content=\"image\/jpeg\" \/>\n<meta name=\"author\" content=\"admin9259\" \/>\n<meta name=\"twitter:card\" content=\"summary_large_image\" \/>\n<meta name=\"twitter:label1\" content=\"\u00c9crit par\" \/>\n\t<meta name=\"twitter:data1\" content=\"admin9259\" \/>\n\t<meta name=\"twitter:label2\" content=\"Dur\u00e9e de lecture estim\u00e9e\" \/>\n\t<meta name=\"twitter:data2\" content=\"2 minutes\" \/>\n<script type=\"application\/ld+json\" class=\"yoast-schema-graph\">{\"@context\":\"https:\\\/\\\/schema.org\",\"@graph\":[{\"@type\":\"Article\",\"@id\":\"https:\\\/\\\/parolin-france.fr\\\/index.php\\\/2026\\\/03\\\/14\\\/ward-racing-de-retour-au-top-mondial-avec-parolin\\\/#article\",\"isPartOf\":{\"@id\":\"https:\\\/\\\/parolin-france.fr\\\/index.php\\\/2026\\\/03\\\/14\\\/ward-racing-de-retour-au-top-mondial-avec-parolin\\\/\"},\"author\":{\"name\":\"admin9259\",\"@id\":\"https:\\\/\\\/parolin-france.fr\\\/#\\\/schema\\\/person\\\/3bbde4495abbd33f783a6df64396bb85\"},\"headline\":\"WARD RACING de retour au top mondial avec PAROLIN\",\"datePublished\":\"2026-03-14T08:04:43+00:00\",\"dateModified\":\"2026-03-14T08:22:21+00:00\",\"mainEntityOfPage\":{\"@id\":\"https:\\\/\\\/parolin-france.fr\\\/index.php\\\/2026\\\/03\\\/14\\\/ward-racing-de-retour-au-top-mondial-avec-parolin\\\/\"},\"wordCount\":241,\"publisher\":{\"@id\":\"https:\\\/\\\/parolin-france.fr\\\/#organization\"},\"image\":{\"@id\":\"https:\\\/\\\/parolin-france.fr\\\/index.php\\\/2026\\\/03\\\/14\\\/ward-racing-de-retour-au-top-mondial-avec-parolin\\\/#primaryimage\"},\"thumbnailUrl\":\"https:\\\/\\\/parolin-france.fr\\\/wp-content\\\/uploads\\\/2026\\\/03\\\/victoire-pizzonia.webp\",\"inLanguage\":\"fr-FR\"},{\"@type\":\"WebPage\",\"@id\":\"https:\\\/\\\/parolin-france.fr\\\/index.php\\\/2026\\\/03\\\/14\\\/ward-racing-de-retour-au-top-mondial-avec-parolin\\\/\",\"url\":\"https:\\\/\\\/parolin-france.fr\\\/index.php\\\/2026\\\/03\\\/14\\\/ward-racing-de-retour-au-top-mondial-avec-parolin\\\/\",\"name\":\"WARD RACING de retour au top mondial avec PAROLIN - PAROLIN FRANCE\",\"isPartOf\":{\"@id\":\"https:\\\/\\\/parolin-france.fr\\\/#website\"},\"primaryImageOfPage\":{\"@id\":\"https:\\\/\\\/parolin-france.fr\\\/index.php\\\/2026\\\/03\\\/14\\\/ward-racing-de-retour-au-top-mondial-avec-parolin\\\/#primaryimage\"},\"image\":{\"@id\":\"https:\\\/\\\/parolin-france.fr\\\/index.php\\\/2026\\\/03\\\/14\\\/ward-racing-de-retour-au-top-mondial-avec-parolin\\\/#primaryimage\"},\"thumbnailUrl\":\"https:\\\/\\\/parolin-france.fr\\\/wp-content\\\/uploads\\\/2026\\\/03\\\/victoire-pizzonia.webp\",\"datePublished\":\"2026-03-14T08:04:43+00:00\",\"dateModified\":\"2026-03-14T08:22:21+00:00\",\"breadcrumb\":{\"@id\":\"https:\\\/\\\/parolin-france.fr\\\/index.php\\\/2026\\\/03\\\/14\\\/ward-racing-de-retour-au-top-mondial-avec-parolin\\\/#breadcrumb\"},\"inLanguage\":\"fr-FR\",\"potentialAction\":[{\"@type\":\"ReadAction\",\"target\":[\"https:\\\/\\\/parolin-france.fr\\\/index.php\\\/2026\\\/03\\\/14\\\/ward-racing-de-retour-au-top-mondial-avec-parolin\\\/\"]}]},{\"@type\":\"ImageObject\",\"inLanguage\":\"fr-FR\",\"@id\":\"https:\\\/\\\/parolin-france.fr\\\/index.php\\\/2026\\\/03\\\/14\\\/ward-racing-de-retour-au-top-mondial-avec-parolin\\\/#primaryimage\",\"url\":\"https:\\\/\\\/parolin-france.fr\\\/wp-content\\\/uploads\\\/2026\\\/03\\\/victoire-pizzonia.webp\",\"contentUrl\":\"https:\\\/\\\/parolin-france.fr\\\/wp-content\\\/uploads\\\/2026\\\/03\\\/victoire-pizzonia.webp\",\"width\":1280,\"height\":1596},{\"@type\":\"BreadcrumbList\",\"@id\":\"https:\\\/\\\/parolin-france.fr\\\/index.php\\\/2026\\\/03\\\/14\\\/ward-racing-de-retour-au-top-mondial-avec-parolin\\\/#breadcrumb\",\"itemListElement\":[{\"@type\":\"ListItem\",\"position\":1,\"name\":\"Accueil\",\"item\":\"https:\\\/\\\/parolin-france.fr\\\/\"},{\"@type\":\"ListItem\",\"position\":2,\"name\":\"WARD RACING de retour au top mondial avec PAROLIN\"}]},{\"@type\":\"WebSite\",\"@id\":\"https:\\\/\\\/parolin-france.fr\\\/#website\",\"url\":\"https:\\\/\\\/parolin-france.fr\\\/\",\"name\":\"PAROLIN FRANCE\",\"description\":\"Ch\u00e2ssis de karting\",\"publisher\":{\"@id\":\"https:\\\/\\\/parolin-france.fr\\\/#organization\"},\"potentialAction\":[{\"@type\":\"SearchAction\",\"target\":{\"@type\":\"EntryPoint\",\"urlTemplate\":\"https:\\\/\\\/parolin-france.fr\\\/?s={search_term_string}\"},\"query-input\":{\"@type\":\"PropertyValueSpecification\",\"valueRequired\":true,\"valueName\":\"search_term_string\"}}],\"inLanguage\":\"fr-FR\"},{\"@type\":\"Organization\",\"@id\":\"https:\\\/\\\/parolin-france.fr\\\/#organization\",\"name\":\"PAROLIN FRANCE\",\"url\":\"https:\\\/\\\/parolin-france.fr\\\/\",\"logo\":{\"@type\":\"ImageObject\",\"inLanguage\":\"fr-FR\",\"@id\":\"https:\\\/\\\/parolin-france.fr\\\/#\\\/schema\\\/logo\\\/image\\\/\",\"url\":\"https:\\\/\\\/parolin-france.fr\\\/wp-content\\\/uploads\\\/2024\\\/03\\\/logo_parolin_fr.jpg\",\"contentUrl\":\"https:\\\/\\\/parolin-france.fr\\\/wp-content\\\/uploads\\\/2024\\\/03\\\/logo_parolin_fr.jpg\",\"width\":1785,\"height\":456,\"caption\":\"PAROLIN FRANCE\"},\"image\":{\"@id\":\"https:\\\/\\\/parolin-france.fr\\\/#\\\/schema\\\/logo\\\/image\\\/\"}},{\"@type\":\"Person\",\"@id\":\"https:\\\/\\\/parolin-france.fr\\\/#\\\/schema\\\/person\\\/3bbde4495abbd33f783a6df64396bb85\",\"name\":\"admin9259\",\"image\":{\"@type\":\"ImageObject\",\"inLanguage\":\"fr-FR\",\"@id\":\"https:\\\/\\\/secure.gravatar.com\\\/avatar\\\/e06f43f5b5a1c719c972bddf3515fc7c88fcf9c25b3a0aa0f3211b308f8b9673?s=96&d=mm&r=g\",\"url\":\"https:\\\/\\\/secure.gravatar.com\\\/avatar\\\/e06f43f5b5a1c719c972bddf3515fc7c88fcf9c25b3a0aa0f3211b308f8b9673?s=96&d=mm&r=g\",\"contentUrl\":\"https:\\\/\\\/secure.gravatar.com\\\/avatar\\\/e06f43f5b5a1c719c972bddf3515fc7c88fcf9c25b3a0aa0f3211b308f8b9673?s=96&d=mm&r=g\",\"caption\":\"admin9259\"},\"sameAs\":[\"http:\\\/\\\/parolin-france.fr\"],\"url\":\"https:\\\/\\\/parolin-france.fr\\\/index.php\\\/author\\\/admin9259\\\/\"}]}<\/script>\n<!-- \/ Yoast SEO plugin. -->","yoast_head_json":{"title":"WARD RACING de retour au top mondial avec PAROLIN - PAROLIN FRANCE","robots":{"index":"index","follow":"follow","max-snippet":"max-snippet:-1","max-image-preview":"max-image-preview:large","max-video-preview":"max-video-preview:-1"},"canonical":"https:\/\/parolin-france.fr\/index.php\/2026\/03\/14\/ward-racing-de-retour-au-top-mondial-avec-parolin\/","og_locale":"fr_FR","og_type":"article","og_title":"WARD RACING de retour au top mondial avec PAROLIN - PAROLIN FRANCE","og_description":"C&rsquo;est un veritable coup de tonnerre qui a secouer la planete karting en ce d\u00e9but de saison 2026 &#8211; WARD RACING abandonne les chassis OTK, qu&rsquo;il utilisait depuis presque 30 ans, pour PAROLIN. Et le moins que l&rsquo;ont puisse dire c&rsquo;est que cette decision historique a remis l&rsquo;\u00e9quipe suedoise au top mondial ! Depuis le [&hellip;]","og_url":"https:\/\/parolin-france.fr\/index.php\/2026\/03\/14\/ward-racing-de-retour-au-top-mondial-avec-parolin\/","og_site_name":"PAROLIN FRANCE","article_published_time":"2026-03-14T08:04:43+00:00","article_modified_time":"2026-03-14T08:22:21+00:00","og_image":[{"width":1280,"height":1596,"url":"https:\/\/parolin-france.fr\/wp-content\/uploads\/2026\/03\/victoire-pizzonia.webp","type":"image\/jpeg"}],"author":"admin9259","twitter_card":"summary_large_image","twitter_misc":{"\u00c9crit par":"admin9259","Dur\u00e9e de lecture estim\u00e9e":"2 minutes"},"schema":{"@context":"https:\/\/schema.org","@graph":[{"@type":"Article","@id":"https:\/\/parolin-france.fr\/index.php\/2026\/03\/14\/ward-racing-de-retour-au-top-mondial-avec-parolin\/#article","isPartOf":{"@id":"https:\/\/parolin-france.fr\/index.php\/2026\/03\/14\/ward-racing-de-retour-au-top-mondial-avec-parolin\/"},"author":{"name":"admin9259","@id":"https:\/\/parolin-france.fr\/#\/schema\/person\/3bbde4495abbd33f783a6df64396bb85"},"headline":"WARD RACING de retour au top mondial avec PAROLIN","datePublished":"2026-03-14T08:04:43+00:00","dateModified":"2026-03-14T08:22:21+00:00","mainEntityOfPage":{"@id":"https:\/\/parolin-france.fr\/index.php\/2026\/03\/14\/ward-racing-de-retour-au-top-mondial-avec-parolin\/"},"wordCount":241,"publisher":{"@id":"https:\/\/parolin-france.fr\/#organization"},"image":{"@id":"https:\/\/parolin-france.fr\/index.php\/2026\/03\/14\/ward-racing-de-retour-au-top-mondial-avec-parolin\/#primaryimage"},"thumbnailUrl":"https:\/\/parolin-france.fr\/wp-content\/uploads\/2026\/03\/victoire-pizzonia.webp","inLanguage":"fr-FR"},{"@type":"WebPage","@id":"https:\/\/parolin-france.fr\/index.php\/2026\/03\/14\/ward-racing-de-retour-au-top-mondial-avec-parolin\/","url":"https:\/\/parolin-france.fr\/index.php\/2026\/03\/14\/ward-racing-de-retour-au-top-mondial-avec-parolin\/","name":"WARD RACING de retour au top mondial avec PAROLIN - PAROLIN FRANCE","isPartOf":{"@id":"https:\/\/parolin-france.fr\/#website"},"primaryImageOfPage":{"@id":"https:\/\/parolin-france.fr\/index.php\/2026\/03\/14\/ward-racing-de-retour-au-top-mondial-avec-parolin\/#primaryimage"},"image":{"@id":"https:\/\/parolin-france.fr\/index.php\/2026\/03\/14\/ward-racing-de-retour-au-top-mondial-avec-parolin\/#primaryimage"},"thumbnailUrl":"https:\/\/parolin-france.fr\/wp-content\/uploads\/2026\/03\/victoire-pizzonia.webp","datePublished":"2026-03-14T08:04:43+00:00","dateModified":"2026-03-14T08:22:21+00:00","breadcrumb":{"@id":"https:\/\/parolin-france.fr\/index.php\/2026\/03\/14\/ward-racing-de-retour-au-top-mondial-avec-parolin\/#breadcrumb"},"inLanguage":"fr-FR","potentialAction":[{"@type":"ReadAction","target":["https:\/\/parolin-france.fr\/index.php\/2026\/03\/14\/ward-racing-de-retour-au-top-mondial-avec-parolin\/"]}]},{"@type":"ImageObject","inLanguage":"fr-FR","@id":"https:\/\/parolin-france.fr\/index.php\/2026\/03\/14\/ward-racing-de-retour-au-top-mondial-avec-parolin\/#primaryimage","url":"https:\/\/parolin-france.fr\/wp-content\/uploads\/2026\/03\/victoire-pizzonia.webp","contentUrl":"https:\/\/parolin-france.fr\/wp-content\/uploads\/2026\/03\/victoire-pizzonia.webp","width":1280,"height":1596},{"@type":"BreadcrumbList","@id":"https:\/\/parolin-france.fr\/index.php\/2026\/03\/14\/ward-racing-de-retour-au-top-mondial-avec-parolin\/#breadcrumb","itemListElement":[{"@type":"ListItem","position":1,"name":"Accueil","item":"https:\/\/parolin-france.fr\/"},{"@type":"ListItem","position":2,"name":"WARD RACING de retour au top mondial avec PAROLIN"}]},{"@type":"WebSite","@id":"https:\/\/parolin-france.fr\/#website","url":"https:\/\/parolin-france.fr\/","name":"PAROLIN FRANCE","description":"Ch\u00e2ssis de karting","publisher":{"@id":"https:\/\/parolin-france.fr\/#organization"},"potentialAction":[{"@type":"SearchAction","target":{"@type":"EntryPoint","urlTemplate":"https:\/\/parolin-france.fr\/?s={search_term_string}"},"query-input":{"@type":"PropertyValueSpecification","valueRequired":true,"valueName":"search_term_string"}}],"inLanguage":"fr-FR"},{"@type":"Organization","@id":"https:\/\/parolin-france.fr\/#organization","name":"PAROLIN FRANCE","url":"https:\/\/parolin-france.fr\/","logo":{"@type":"ImageObject","inLanguage":"fr-FR","@id":"https:\/\/parolin-france.fr\/#\/schema\/logo\/image\/","url":"https:\/\/parolin-france.fr\/wp-content\/uploads\/2024\/03\/logo_parolin_fr.jpg","contentUrl":"https:\/\/parolin-france.fr\/wp-content\/uploads\/2024\/03\/logo_parolin_fr.jpg","width":1785,"height":456,"caption":"PAROLIN FRANCE"},"image":{"@id":"https:\/\/parolin-france.fr\/#\/schema\/logo\/image\/"}},{"@type":"Person","@id":"https:\/\/parolin-france.fr\/#\/schema\/person\/3bbde4495abbd33f783a6df64396bb85","name":"admin9259","image":{"@type":"ImageObject","inLanguage":"fr-FR","@id":"https:\/\/secure.gravatar.com\/avatar\/e06f43f5b5a1c719c972bddf3515fc7c88fcf9c25b3a0aa0f3211b308f8b9673?s=96&d=mm&r=g","url":"https:\/\/secure.gravatar.com\/avatar\/e06f43f5b5a1c719c972bddf3515fc7c88fcf9c25b3a0aa0f3211b308f8b9673?s=96&d=mm&r=g","contentUrl":"https:\/\/secure.gravatar.com\/avatar\/e06f43f5b5a1c719c972bddf3515fc7c88fcf9c25b3a0aa0f3211b308f8b9673?s=96&d=mm&r=g","caption":"admin9259"},"sameAs":["http:\/\/parolin-france.fr"],"url":"https:\/\/parolin-france.fr\/index.php\/author\/admin9259\/"}]}},"_links":{"self":[{"href":"https:\/\/parolin-france.fr\/index.php\/wp-json\/wp\/v2\/posts\/4071","targetHints":{"allow":["GET"]}}],"collection":[{"href":"https:\/\/parolin-france.fr\/index.php\/wp-json\/wp\/v2\/posts"}],"about":[{"href":"https:\/\/parolin-france.fr\/index.php\/wp-json\/wp\/v2\/types\/post"}],"author":[{"embeddable":true,"href":"https:\/\/parolin-france.fr\/index.php\/wp-json\/wp\/v2\/users\/1"}],"replies":[{"embeddable":true,"href":"https:\/\/parolin-france.fr\/index.php\/wp-json\/wp\/v2\/comments?post=4071"}],"version-history":[{"count":0,"href":"https:\/\/parolin-france.fr\/index.php\/wp-json\/wp\/v2\/posts\/4071\/revisions"}],"wp:featuredmedia":[{"embeddable":true,"href":"https:\/\/parolin-france.fr\/index.php\/wp-json\/wp\/v2\/media\/4075"}],"wp:attachment":[{"href":"https:\/\/parolin-france.fr\/index.php\/wp-json\/wp\/v2\/media?parent=4071"}],"wp:term":[{"taxonomy":"category","embeddable":true,"href":"https:\/\/parolin-france.fr\/index.php\/wp-json\/wp\/v2\/categories?post=4071"},{"taxonomy":"post_tag","embeddable":true,"href":"https:\/\/parolin-france.fr\/index.php\/wp-json\/wp\/v2\/tags?post=4071"}],"curies":[{"name":"wp","href":"https:\/\/api.w.org\/{rel}","templated":true}]}}